{"id":444,"date":"2018-11-12T10:26:27","date_gmt":"2018-11-12T16:26:27","guid":{"rendered":"https:\/\/caem.org.co\/nama\/?p=444"},"modified":"2018-11-12T10:26:27","modified_gmt":"2018-11-12T16:26:27","slug":"empresas-fortalecen-sus-capacidades-en-gestion-integral-de-la-energia","status":"publish","type":"post","link":"https:\/\/caem.org.co\/nama\/empresas-fortalecen-sus-capacidades-en-gestion-integral-de-la-energia\/","title":{"rendered":"\u00a0Empresas fortalecen sus capacidades en gesti\u00f3n integral de la energ\u00eda"},"content":{"rendered":"<ul>\n<li><em>25 empresas fortalecen sus capacidades en eficiencia energ\u00e9tica a trav\u00e9s del Diplomado en Gesti\u00f3n Integral de la Energ\u00eda liderado por la CAEM. <\/em><\/li>\n<li><em>El diplomado, que se desarrolla en alianza con el PNUD, la UPME y ONUDI, con recursos del Fondo Mundial para el Medio Ambiente (GEF), tiene el objetivo de fortalecer las capacidades de los empresarios participantes en cuanto a transferencia de tecnolog\u00eda para el desarrollo de proyectos de eficiencia energ\u00e9tica.<\/em><\/li>\n<\/ul>\n<p><strong>Bogot\u00e1, octubre de 2018.<\/strong> Empresas que hacen parte del Programa NAMA Industria, ejecutado en Colombia por la Corporaci\u00f3n Ambiental Empresarial, CAEM, entidad sin \u00e1nimo de lucro y filial de la C\u00e1mara de Comercio de Bogot\u00e1, con recursos del Fondo Mundial para el Medio Ambiente (GEF) y el respaldo del Programa de la Naciones Unidas para el Desarrollo, PNUD, fortalecen sus capacidades en uso eficiente de la energ\u00eda a trav\u00e9s de diferentes espacios de capacitaci\u00f3n.<\/p>\n<p>25 empresas de diferentes sectores industriales como alimentos y bebidas, construcci\u00f3n, electrodom\u00e9sticos, calzado y comercio, participan en el Diplomado Gesti\u00f3n Integral de la Energ\u00eda. Este espacio de formaci\u00f3n es liderado por la CAEM en alianza con la Unidad de Planeaci\u00f3n Minero Energ\u00e9tica -UPME y la Organizaci\u00f3n de las Naciones Unidas para el Desarrollo Industrial &#8211; ONUDI.<\/p>\n<p>El diplomado, que tiene como objetivo fortalecer las capacidades de los empresarios participantes en cuanto a transferencia de tecnolog\u00eda para el desarrollo de proyectos de eficiencia energ\u00e9tica, ha representado un insumo fundamental para que el sector productivo reduzca sus emisiones de Gases Efecto Invernadero (GEI) y mejore su productividad y competitividad en l\u00ednea con la Estrategia Colombiana de Desarrollo Bajo en Carbono (ECDBC).<\/p>\n<p>Wilson Urbina, analista del \u00e1rea del uso racional de la energ\u00eda de Challenger y participante del diplomado, resalt\u00f3 \u201cestamos participando en este espacio pensando en dos factores, la competitividad y el aporte al medio ambiente. A trav\u00e9s de pr\u00e1cticas de eficiencia energ\u00e9tica hemos encontrado que es posible incrementar la productividad y generar un menor gasto energ\u00e9tico, lo cual mejora nuestra competitividad en el mercado\u201d.<\/p>\n<p>Por su parte, Lizeth \u00c1lvarez, Jefe de Calidad de G\u00e9novas Santafere\u00f1as y participante del diplomado de NAMA Industria, destaca \u201cestos espacios son muy valiosos para las empresas. A trav\u00e9s del diplomado hemos identificado formas de optimizar nuestros procesos, hacer un uso m\u00e1s eficiente de la energ\u00eda y as\u00ed contribuir a mejorar el entorno ambiental\u201d.<\/p>\n<p>Finalmente, Luis Prieto, Coordinador del Programa NAMA Industria de la CAEM, se\u00f1al\u00f3 \u201cseguimos trabajando de la mano de organizaciones internacionales, para que las empresas participen activamente en la implementaci\u00f3n de pr\u00e1cticas productivas en eficiencia energ\u00e9tica que aporten al cumplimiento de los compromisos internacionales asumidos por Colombia en materia de mitigaci\u00f3n del cambio clim\u00e1tico\u201d.<\/p>\n<p>Las empresas que participan en el diplomado son:<\/p>\n<ul>\n<li>Alambres y Mallas S.A. ALMASA<\/li>\n<li>Arcillas de Colombia S.A<\/li>\n<li>Calderas Continental LTDA.<\/li>\n<li>Cementos del Oriente<\/li>\n<li>Cer\u00e1micos Progres S.A.S.<\/li>\n<li>Cerescos S.A.S.<\/li>\n<li>Challenger S.A.S.<\/li>\n<li>Comercial Allan S.A.S.<\/li>\n<li>CONALMIN SAS<\/li>\n<li>Consorcio Metal\u00fargico Nacional COLMENA S.A.S.<\/li>\n<li>Espumados S.A.<\/li>\n<li>Estahl Ingenieria S.A.S.<\/li>\n<li>Gaseosas Colombianas S.A.S.<\/li>\n<li>Gaseosas de Girardot S.A.S.<\/li>\n<li>G\u00e9novas Santafere\u00f1as<\/li>\n<li>Grupo Kopelle LTDA<\/li>\n<li>Holcim<\/li>\n<li>Industria de Calzadojovical S.A.<\/li>\n<li>Industrias Japan S.A.<\/li>\n<li>ITALCOL S.A.<\/li>\n<li>Ladrillera 21 S.A.S.<\/li>\n<li>Profiquip<\/li>\n<li>Terrafertil Colombia S.A.S.<\/li>\n<li>Vilaseca S.A.S<\/li>\n<li>Ydeasteam<\/li>\n<\/ul>\n<p><strong>\u00a0<\/strong><strong>Sobre CAEM<\/strong><\/p>\n<p>Desde 1983 promovemos la gesti\u00f3n ambiental empresarial en el territorio, convirtiendo en realidad el sue\u00f1o de hacerlo sostenible. Junto a nuestros aliados, asesoramos y acompa\u00f1amos al sector productivo en el camino de la reconversi\u00f3n tecnol\u00f3gica, la eficiencia energ\u00e9tica y la optimizaci\u00f3n ambiental de procesos. Adem\u00e1s, trabajamos en la recuperaci\u00f3n de nuestros entornos a trav\u00e9s de uno de nuestros programas insignia: Hojas Verdes.<\/p>\n<p>Contacto<\/p>\n<p>Ang\u00e9lica Chac\u00f3n<br \/>\nangelica.chacon@seclatam.com<br \/>\n(1)7460070 ext. 424<br \/>\n311 2113110<br \/>\nSecLatam Comunicaciones Estrat\u00e9gicas<\/p>\n<p>&nbsp;<\/p>\n","protected":false},"excerpt":{"rendered":"<p class=\"ht_excerpt\">25 empresas fortalecen sus capacidades en eficiencia energ\u00e9tica a trav\u00e9s del Diplomado en Gesti\u00f3n Integral de la Energ\u00eda liderado por la CAEM. El diplomado, que se desarrolla en alianza con el PNUD, la UPME y ONUDI, con recursos del Fondo Mundial para el Medio Ambiente (GEF), tiene el objetivo de fortalecer las capacidades de los [&hellip;]<\/p>\n","protected":false},"author":1,"featured_media":0,"comment_status":"open","ping_status":"open","sticky":false,"template":"","format":"standard","meta":{"footnotes":""},"categories":[18],"tags":[],"class_list":["post-444","post","type-post","status-publish","format-standard","hentry","category-notasprensacaem"],"_links":{"self":[{"href":"https:\/\/caem.org.co\/nama\/wp-json\/wp\/v2\/posts\/444","targetHints":{"allow":["GET"]}}],"collection":[{"href":"https:\/\/caem.org.co\/nama\/wp-json\/wp\/v2\/posts"}],"about":[{"href":"https:\/\/caem.org.co\/nama\/wp-json\/wp\/v2\/types\/post"}],"author":[{"embeddable":true,"href":"https:\/\/caem.org.co\/nama\/wp-json\/wp\/v2\/users\/1"}],"replies":[{"embeddable":true,"href":"https:\/\/caem.org.co\/nama\/wp-json\/wp\/v2\/comments?post=444"}],"version-history":[{"count":1,"href":"https:\/\/caem.org.co\/nama\/wp-json\/wp\/v2\/posts\/444\/revisions"}],"predecessor-version":[{"id":445,"href":"https:\/\/caem.org.co\/nama\/wp-json\/wp\/v2\/posts\/444\/revisions\/445"}],"wp:attachment":[{"href":"https:\/\/caem.org.co\/nama\/wp-json\/wp\/v2\/media?parent=444"}],"wp:term":[{"taxonomy":"category","embeddable":true,"href":"https:\/\/caem.org.co\/nama\/wp-json\/wp\/v2\/categories?post=444"},{"taxonomy":"post_tag","embeddable":true,"href":"https:\/\/caem.org.co\/nama\/wp-json\/wp\/v2\/tags?post=444"}],"curies":[{"name":"wp","href":"https:\/\/api.w.org\/{rel}","templated":true}]}}